{"id":973,"date":"2009-09-24T22:40:39","date_gmt":"2009-09-24T20:40:39","guid":{"rendered":"http:\/\/www.curi0us.net\/blog\/?p=973"},"modified":"2009-09-24T22:45:47","modified_gmt":"2009-09-24T20:45:47","slug":"jahrhundertelf","status":"publish","type":"post","link":"https:\/\/www.curi0us.net\/blog\/2009\/09\/24\/jahrhundertelf\/","title":{"rendered":"Jahrhundertelf"},"content":{"rendered":"\n<!-- google_ad_section_start -->\n<blockquote><p>Wie hei\u00dft Deine Jahrhundertelf des FC St. Pauli?<\/p><\/blockquote>\n<p>fragte Ren\u00e9 Martens w\u00e4hrend der Sommerpause, in der Vorbereitung der neuen Auflage seines Klassikers \u201cWunder gibt es immer wieder \u2013 Die Geschichte des FC St. Pauli\u201d.<\/p>\n<p>Und genau wie <a onclick=\"javascript:pageTracker._trackPageview('\/outgoing\/www.ringfahndung.de\/archives\/100-jahre-magische-fc-st-pauli-jahrhundert-elf');\"  href=\"http:\/\/www.ringfahndung.de\/archives\/100-jahre-magische-fc-st-pauli-jahrhundert-elf\" target=\"_blank\">@ring2<\/a>, habe ich gerne darauf geantwortet.<\/p>\n<p>Morgen, am Freitag, ist es dann wohl soweit. Die neue Auflage wird im Clubheim vorgestellt. Grund genug, meine \u201cJahrhundertelf\u201d hier auch einfach mal vorzustellen. Wichtig f\u00fcr mich war, dass ich die Spieler selbst wenigstens eine Saison habe spielen sehen, ihre fu\u00dfballerische Qualit\u00e4t (Mit einer Ausnahme alles Spieler, die auch in der ersten Liga gespielt haben) und dass sie mir \u2013 zu ihrer Zeit beim FC St. Pauli \u2013 nicht unsympathisch waren. Meine Elf sieht so aus:<\/p>\n<p>Tor: Heinz Weber<\/p>\n<p>Abwehr: Jan Kocian, Dirk Dammann, Andre Trulsen, Bernd Hollerbach<\/p>\n<p>Mittelfeld: Matthias Scherz, Thomas Meggle, Carsten Pr\u00f6pper, Christian Rahn<\/p>\n<p>Sturm: Ivan Klasnic, Andr\u00e9 Golke<\/p>\n<p>Aber, und das stimmt mich besonders positiv\u2026 ich finde unsere aktuelle Elf auch ziemlich klasse \ud83d\ude42<\/p>\n<p>Ich bin gespannt, wie die \u201cversammelte Elf\u201d im Buch ausschauen wird.<\/p>\n\n<!-- google_ad_section_end -->\n","protected":false},"excerpt":{"rendered":"<p>Wie hei\u00dft Deine Jahrhundertelf des FC St. Pauli? fragte Ren\u00e9 Martens w\u00e4hrend der Sommerpause, in der Vorbereitung der neuen Auflage seines Klassikers \u201cWunder gibt es immer wieder \u2013 Die Geschichte des FC St. Pauli\u201d. Und genau wie @ring2, habe ich &hellip; <a href=\"https:\/\/www.curi0us.net\/blog\/2009\/09\/24\/jahrhundertelf\/\">Weiterlesen <span class=\"meta-nav\">&rarr;<\/span><\/a><\/p>\n","protected":false},"author":5,"featured_media":0,"comment_status":"open","ping_status":"open","sticky":false,"template":"","format":"standard","meta":{"_jetpack_memberships_contains_paid_content":false,"footnotes":""},"categories":[11],"tags":[392],"class_list":["post-973","post","type-post","status-publish","format-standard","hentry","category-fussball","tag-fc-st-pauli"],"jetpack_sharing_enabled":true,"jetpack_featured_media_url":"","_links":{"self":[{"href":"https:\/\/www.curi0us.net\/blog\/wp-json\/wp\/v2\/posts\/973"}],"collection":[{"href":"https:\/\/www.curi0us.net\/blog\/wp-json\/wp\/v2\/posts"}],"about":[{"href":"https:\/\/www.curi0us.net\/blog\/wp-json\/wp\/v2\/types\/post"}],"author":[{"embeddable":true,"href":"https:\/\/www.curi0us.net\/blog\/wp-json\/wp\/v2\/users\/5"}],"replies":[{"embeddable":true,"href":"https:\/\/www.curi0us.net\/blog\/wp-json\/wp\/v2\/comments?post=973"}],"version-history":[{"count":2,"href":"https:\/\/www.curi0us.net\/blog\/wp-json\/wp\/v2\/posts\/973\/revisions"}],"predecessor-version":[{"id":975,"href":"https:\/\/www.curi0us.net\/blog\/wp-json\/wp\/v2\/posts\/973\/revisions\/975"}],"wp:attachment":[{"href":"https:\/\/www.curi0us.net\/blog\/wp-json\/wp\/v2\/media?parent=973"}],"wp:term":[{"taxonomy":"category","embeddable":true,"href":"https:\/\/www.curi0us.net\/blog\/wp-json\/wp\/v2\/categories?post=973"},{"taxonomy":"post_tag","embeddable":true,"href":"https:\/\/www.curi0us.net\/blog\/wp-json\/wp\/v2\/tags?post=973"}],"curies":[{"name":"wp","href":"https:\/\/api.w.org\/{rel}","templated":true}]}}