{"id":820,"date":"2009-06-26T19:32:07","date_gmt":"2009-06-26T17:32:07","guid":{"rendered":"http:\/\/www.curi0us.net\/blog\/?p=820"},"modified":"2009-06-25T21:43:26","modified_gmt":"2009-06-25T19:43:26","slug":"wechselspiele-2009ii-die-zugnge","status":"publish","type":"post","link":"https:\/\/www.curi0us.net\/blog\/2009\/06\/26\/wechselspiele-2009ii-die-zugnge\/","title":{"rendered":"Wechselspiele 2009\/II &ndash; Die Zug&auml;nge"},"content":{"rendered":"\n<!-- google_ad_section_start -->\n<p><em>Dieser Artikel ist der zweite von dreien, die sich mit den Ver\u00e4nderungen im Kader des FC St. Pauli in dieser Sommerpause besch\u00e4ftigen. <\/em><\/p>\n<p>W\u00e4hrend ich mich <a href=\"http:\/\/www.curi0us.net\/blog\/2009\/06\/25\/wechselspiele-2009i-die-abgnge\/\" target=\"_blank\">gestern mit den Abg\u00e4ngen<\/a> befasst habe, geht es heute darum, wer in der Sommerpause neu hinzugekommen ist.<\/p>\n<p><span style=\"text-decoration: underline;\"><strong>Die Zug\u00e4nge: Qualit\u00e4tszuwachs? <\/strong><\/span><\/p>\n<p>Trotz aller unterschwelliger Kritik, an <a href=\"http:\/\/www.curi0us.net\/blog\/2009\/06\/25\/wechselspiele-2009i-die-abgnge\/\" target=\"_blank\">den Abg\u00e4ngen<\/a>, solche L\u00fccken m\u00fcssen gestopft werden. Allein um zahlenm\u00e4\u00dfig einen entsprechenden Kader zu haben. Gleichzeitig wollen wir uns ja auch verbessern.<\/p>\n<p>Ich pers\u00f6nlich hoffe weiterhin auf den Aufstieg. Und wann w\u00fcrde er besser passen, als im Jubil\u00e4umsjahr 2010? Skeptisches Warten war also angesagt, wen w\u00fcrden die beiden HS (Sportdirektor Helmut Schulte und Trainer Holger Stanislawsk) ans Millerntor lotsen? W\u00fcrden die Verluste kompensiert werden?<\/p>\n<p><strong>Erfahrung<\/strong><\/p>\n<p>Drei neue Spieler sind dabei, die ich jetzt mal als Zweitligaerfahren bezeichnen w\u00fcrde:<\/p>\n<p>Von 1860 kam Markus Thorandt, letzte Saison einen Kicker-Notenschnitte von 3,78. Das ist nicht \u00fcberragend, aber z.B. besser als der von Fabio Morena (3,84) und nur knapp schw\u00e4cher als der Von Carsten Rothenbach (3,62) \u2013 den fast alle Fans enorm positiv bewerten. Solider Zweitligaspieler, der in der Abwehr f\u00fcr Konkurrenzkampf sorgen k\u00f6nnte und den Kader sicherlich auch in der breite Verst\u00e4rken.<\/p>\n<p>Von Alemannia Aachen st\u00f6\u00dft Matthias Lehmann zu uns. Letzte Saison dort Mannschaftskapit\u00e4n, was ja immerhin schon mal f\u00fcr ihn spricht. Vor drei Jahren der teuerste Einkauf der Aachener \u00fcberhaupt, was ich auch als positives Signal bewerte. Kicker Notenschnitt von 3,24 letzte Saison und damit, wenn mich nicht alles t\u00e4uscht, besser als jeder St. Pauli-Spieler der vorangegangenen Spielzeit (z.B. im Vergleich zu Ludwig oder Trojan, ungeachtet der bei Lehmann wohl etwas defensiveren Ausrichtung). D\u00fcrfte damit auf jeden Fall enie Verst\u00e4rkung sein und bringt ne ganze Menge Zweitligaerfahrung (Aachen und 1860) mit.<\/p>\n<p>R\u00fcckkehrer Charles Takyi ist den meisten St. Pauli-Fans sicherlich noch ein Begriff, spielte er doch in der Aufstiegsmannschaft von 2007 und auch in der ersten Zweitligasaison 2007\/2008 eine tragende Rolle beim Klassenerhalt. Damals noch als junges Talent mit einer Vergangenheit bei HSV II hoffentlich im \u201cAuslandsjahr\u201d bei Greuther F\u00fcrht gereift. Lustigerweise damals zu F\u00fchrt gewechselt um unter Bruno Labadia zu spielen, der zwei Wochen sp\u00e4ter den Verein wechselte. Inzwischen ja Trainer beim Lokalrivalen, so dass die beiden Herren jetzt immerhin in der selben Stadt arbeiten.<br \/>\nIn F\u00fcrth sicherlich nicht immer das gebracht, was man sich dort von ihm erhofft hat, aber wohl auch pers\u00f6nlich nicht so wirklich gl\u00fccklich dort geworden. In der Form von vor 2 Jahren halte ich ihn f\u00fcr Gleichwertig zu Filip Trojan, mit etwas Gl\u00fcck hat das letzte Jahr und der erneute Wechsel zu uns ihm geholfen sich weiter zu entwickeln. Auch Charles verst\u00e4rkt unser Mittelfeld.<\/p>\n<p><strong>Talent<\/strong><\/p>\n<p>Neben \u201calten S\u00e4cken\u201d (auch wenn der j\u00fcngste der drei, Takyi erst 24 Jahre alt ist) wurden zweieinhalb junge H\u00fcpfer dazugewonnen, die vermutlich recht viel Talent mitbringen.<\/p>\n<p>Max Kruse, mit vielen Vorschusslorbeeren bedachter Spieler von Werders 2. Mannschaft (3. Liga). Dort st\u00e4rkster Spieler seiner Mannschaft, beeindruckender Kicker-Notenschnitt von 2,84 und U21 Nationalspieler. Nat\u00fcrlich bleibt abzuwarten, ob aus einem sehr gutem Drittligaspieler auch ein mindestens guter Zweitligaspieler wird, aber alle Anlagen scheinen vorhanden zu sein. Nach allem, was ich gelesen habe ein Spieler den ich st\u00e4rker einsch\u00e4tze als David Hoilett.<\/p>\n<p>St\u00fcrmer Deniz Naki, U20 Nationalspieler, kommt indirekt von RW Ahlen (war dorthin von Leverkusen ausgeliehen). und hat dort die letzte Halbserie bereits\u00a0 Zweitligaluft schnuppern k\u00f6nnen. Spielte die letzten 4 Spiele quasi durch, traf dabei dreimal bzw. erzielte insgesamt vier Tore in 478 Spielminuten. Kicker Notenschnitt f\u00fcr die vier letzten Spiele (die einzigen mit f\u00fcr die Bewertung ausreichender Spieldauer): 2,88. Sollte er das konstant abliefern k\u00f6nnen, eine Granate. Damit rechne ich zwar nicht, aber der Junge ist 19 und f\u00fcr drei Jahre an den Verein gebunden. Vermutlich bereits jetzt eine Verst\u00e4rkung f\u00fcr unseren arg schw\u00e4chelnden Sturm letzte Saison und mit sehr viel Potential.<\/p>\n<p>Der \u201chalbe\u201d Spieler ist Rouwen Hennings. ebenfalls U-Nationalspieler. War letzte Saison schon bei St. Pauli unter Vertrag und ab dieser Saison nicht mehr ausgeliehen sondern \u201cVollblut St. Paulianer\u201d. Letzte Saison lief sicherlich nicht ganz optimal f\u00fcr ihn, wollte er sich doch urspr\u00fcnglich f\u00fcr die Bundesliga, bzw. seinen Stammclub HSV empfehlen.<br \/>\n\u00dcbrigens (mir) allein dadurch schon sympathisch,dass er damit von Anfang an offen umging. Viel zu viele Fu\u00dfballer tun immer so als w\u00e4re ihr aktueller Club ihr absoluter Traumverein und \u00fcberhaupt der beste (vielleicht ausser Barca, Real oder Liverpool) und wirken dabei alles andere als glaubw\u00fcrdig.<br \/>\nDas mit dem Empfehlen hat ja nicht so ganz geklappt, die Leistungen waren alles andere als konstant und auch in den besseren Spielen noch mit viel Luft nach oben. Er wird sich steigern m\u00fcssen. Aber die bisherige Karriere deutet an, dass er Talent hat und vielleicht platzt der Knoten ja im zweiten Jahr und mit der Gewi\u00dfheit, dass er jetzt \u201czu uns\u201d geh\u00f6rt. Ich kann mir vorstellen, dass das f\u00fcr einen 21 j\u00e4hrigen Spieler auch nicht unwichtig ist. Und wohl f\u00fchlt er sich \u2013 so wie es ausschaut \u2013 wohl. Ich dr\u00fccke beide Daumen.<\/p>\n<p><strong>Verst\u00e4rkung!<\/strong><\/p>\n<p>Im Vergleich zu den Abg\u00e4ngen glaube ich, dass sich der FC St. Pauli verst\u00e4rkt hat. Trojan und Ludwig werden durch Takyi und Lehmann was die M\u00f6glichkeiten angeht glaube ich mindestens gleichwertig ersetzt. Dazu erhoffe ich mir mehr Konstanz von den beiden und gleichzeitig ein selbstbewu\u00dfteres Auftreten, gerade auf fremden Pl\u00e4tzen. Mit Thorandt hat unsere Abwehr an Erfahrung gewonnen und die Trainer an M\u00f6glichkeiten. Gerade nachdem hier ja im letzten Jahr sehr viel Verletzungen f\u00fcr dauernde Ver\u00e4nderungen sorgten, sicherlich ein wichtiger Baustein.<\/p>\n<p>Die gegangenen Talente \u00d6mer Sismanoglu und David Hoilett halte ich f\u00fcr schw\u00e4cher als Max Kruse und Deniz Naki (wobei diese Einsch\u00e4tzung nur auf gelesenen Artikeln beruht, bewu\u00dft spielen gesehen habe ich beide nicht!). Zudem sind beide definitiv erfahrener und haben bereits in Liga 3 und 2 gezeigt, was sie k\u00f6nnen. Rouwen Hennings mu\u00df diese Saison zeigen, dass er das Vertrauen, dass unsere Trainer in ihn stecken rechtfertigt.<\/p>\n<p>Ich glaube fest an die Kompetenz der beiden HS, von daher vertraue ich hier auch auf die Fachkompetenz im Verein und freue mich erstmal \u00fcber die neuen Spieler und bin neugierig auf die neue Saison.<\/p>\n<p><strong>Abl\u00f6sesummen<\/strong><\/p>\n<p><a onclick=\"javascript:pageTracker._trackPageview('\/outgoing\/www.mopo.de\/2009\/20090624\/sport\/stpauli\/st_pauli_keine_guten_signale.html');\"  href=\"http:\/\/www.mopo.de\/2009\/20090624\/sport\/stpauli\/st_pauli_keine_guten_signale.html\" target=\"_blank\">Mopo<\/a> und <a onclick=\"javascript:pageTracker._trackPageview('\/outgoing\/www.bild.de\/BILD\/sport\/fussball\/zweite-liga\/2009\/06\/23\/st-pauli\/kein-geld-fuer-trojan-und-ludwig.html');\"  href=\"http:\/\/www.bild.de\/BILD\/sport\/fussball\/zweite-liga\/2009\/06\/23\/st-pauli\/kein-geld-fuer-trojan-und-ludwig.html\" target=\"_blank\">Bild<\/a> haben sich in den letzten Tagen ja eher kritisch dahingehend ge\u00e4u\u00dfert, dass man anstatt in bestehendes Personal zu investieren, teure Abl\u00f6sesummen ausgab. Das ist sicherlich faktisch zun\u00e4chst richtig, allerdings glaube ich, dass es sorum sinnvoller ist. Die Frage ist f\u00fcr mich immer auch, welches Signal man setzt. Nehmen wir an, man h\u00e4tte Ludwigs Gehalt um 10.000 Euro (wie kolportiert) im Monat aufgestockt, w\u00e4re das sicherlich g\u00fcnstiger gewesen, als Takyi zur\u00fcck zu holen. Aber damit dr\u00fcckt man nicht nur Wertsch\u00e4tzung aus, sondern zeigt auch, dass man \u201calles\u201d mit sich machen l\u00e4sst. Das w\u00e4re wohl ungef\u00e4hr eine Erh\u00f6hung der Bez\u00fcge um 1\/3 gewesen (alles nur gesch\u00e4tzt und Zahlen aus der Presse). Und andere Spieler h\u00e4tten sicherlich auch dar\u00fcber nachgedacht, entsprechend mehr zu fordern, nach dem Motto \u201cwenn der kann, dann ich auch\u201d. Und nochmal: Ich halte Takyi f\u00fcr st\u00e4rker als Ludwig.<\/p>\n<p>Etwas anders gelagert ist der Fall Sismanoglu\/Naki, w\u00e4hrend Naki bereits bewiesen hat, dass er in der zweiten Liga mithalten kann, hat Sismanoglu es bisher maximal angedeutet. Naki ist erfahrener und hat die h\u00f6here Torquote. Au\u00dferdem hat Naki jetzt erstmal einen Vertrag \u00fcber drei Jahre, das hei\u00dft selbst wenn er in ein oder zwei Jahren wechseln will, d\u00fcrfte eine Abl\u00f6se f\u00fcr uns dabei herausspringen. Ich glaube glaube dazu, dass es schwer ist, einen jungen, t\u00fcrkischen Spieler, der bei einem erstligisten in seiner Heimat spielen kann, mit realistischen Summen (Und wir reden hier von einem Spieler von St. Paulis F\u00fcnftligatruppe. Er hat zwar sicherlich Potential, aber bleibt zun\u00e4chst ein F\u00fcnftligaspieler mit vereinzelten Ausfl\u00fcgen in die zweite Liga) davon zu \u00fcberzeugen, sich bei uns weiter zu entwickeln. Von daher halte ich diesen \u201cTausch\u201d ebenfalls f\u00fcr im Sinne des Vereins gut und richtig.<\/p>\n<p><strong>St\u00e4rker? <\/strong><\/p>\n<p>Richtig! Ich bin fest davon \u00fcberzeugt, dass wir in der kommenden Saison st\u00e4rker aufgestellt sind. Die Verluste von Trojan und Ludwig im Mittelfeld wurden spielerisch mindestens gleichwertig ersetzt, zudem haben Takyi und Lehmann mehr Erfahrung und gef\u00fchlt mehr Konstanz. Dazu kommt mit Kruse ein Mittelfeldspieler mit viel Potential. Die Abwehr wurde auf gutem Zweitliga-Niveau erg\u00e4nzt. Und mit Naki kommt ein sehr junger St\u00fcrmer dazu, der aber offenbar schon sehr gut wei\u00df, wo das Tor steht.<\/p>\n<p>In der Abwehr also mehr Auswahl, im Mittelfeld die Abg\u00e4nge mindestens ersetzt und im Sturm ebenfalls mehr Auswahl mit (glaube ich) mehr Potential und dem besseren Torriecher.<\/p>\n<p><em>Morgen: Die neue Mannschaft \u2013 was hei\u00dfen die Ver\u00e4nderungen f\u00fcr die Aufstellung? <\/em><\/p>\n\n<!-- google_ad_section_end -->\n","protected":false},"excerpt":{"rendered":"<p>Dieser Artikel ist der zweite von dreien, die sich mit den Ver\u00e4nderungen im Kader des FC St. Pauli in dieser Sommerpause besch\u00e4ftigen. W\u00e4hrend ich mich gestern mit den Abg\u00e4ngen befasst habe, geht es heute darum, wer in der Sommerpause neu &hellip; <a href=\"https:\/\/www.curi0us.net\/blog\/2009\/06\/26\/wechselspiele-2009ii-die-zugnge\/\">Weiterlesen <span class=\"meta-nav\">&rarr;<\/span><\/a><\/p>\n","protected":false},"author":5,"featured_media":0,"comment_status":"open","ping_status":"open","sticky":false,"template":"","format":"standard","meta":{"_jetpack_memberships_contains_paid_content":false,"footnotes":""},"categories":[11],"tags":[392,642,507,508],"class_list":["post-820","post","type-post","status-publish","format-standard","hentry","category-fussball","tag-fc-st-pauli","tag-fussball","tag-kader","tag-saisonplanung"],"jetpack_sharing_enabled":true,"jetpack_featured_media_url":"","_links":{"self":[{"href":"https:\/\/www.curi0us.net\/blog\/wp-json\/wp\/v2\/posts\/820"}],"collection":[{"href":"https:\/\/www.curi0us.net\/blog\/wp-json\/wp\/v2\/posts"}],"about":[{"href":"https:\/\/www.curi0us.net\/blog\/wp-json\/wp\/v2\/types\/post"}],"author":[{"embeddable":true,"href":"https:\/\/www.curi0us.net\/blog\/wp-json\/wp\/v2\/users\/5"}],"replies":[{"embeddable":true,"href":"https:\/\/www.curi0us.net\/blog\/wp-json\/wp\/v2\/comments?post=820"}],"version-history":[{"count":7,"href":"https:\/\/www.curi0us.net\/blog\/wp-json\/wp\/v2\/posts\/820\/revisions"}],"predecessor-version":[{"id":827,"href":"https:\/\/www.curi0us.net\/blog\/wp-json\/wp\/v2\/posts\/820\/revisions\/827"}],"wp:attachment":[{"href":"https:\/\/www.curi0us.net\/blog\/wp-json\/wp\/v2\/media?parent=820"}],"wp:term":[{"taxonomy":"category","embeddable":true,"href":"https:\/\/www.curi0us.net\/blog\/wp-json\/wp\/v2\/categories?post=820"},{"taxonomy":"post_tag","embeddable":true,"href":"https:\/\/www.curi0us.net\/blog\/wp-json\/wp\/v2\/tags?post=820"}],"curies":[{"name":"wp","href":"https:\/\/api.w.org\/{rel}","templated":true}]}}