{"id":60,"date":"2007-12-23T22:04:55","date_gmt":"2007-12-23T20:04:55","guid":{"rendered":"http:\/\/www.curi0us.net\/blog\/2007\/12\/23\/klodeckelrally\/"},"modified":"2008-01-22T12:26:14","modified_gmt":"2008-01-22T11:26:14","slug":"klodeckelrally","status":"publish","type":"post","link":"https:\/\/www.curi0us.net\/blog\/2007\/12\/23\/klodeckelrally\/","title":{"rendered":"Klodeckelrally"},"content":{"rendered":"\n<!-- google_ad_section_start -->\n<p>Wie stellt sich Ottonormalverbraucher (ich) eigentlich das Austauschen eines defekten WC-Deckels vor?<\/p>\n<p>Naja, da es die Dinger ja inzwischen ab und an auch bei Aldi, Lidl und Co gibt, kann das eigentlich nicht so schwer sein. Denkt man.<\/p>\n<p>Also los, bei Aldi einen neuen Deckel gekauft. Heimgefahren, drangehalten, gewundert warum man nicht von unten an die Schraub\u00f6ffnungen kommt.<br \/>\n\u00dcberlegt und eingesehen, dass ich wohl zum Baumarkt muss.<br \/>\nBei Aldi zuerst mal den Deckel zur\u00fcckgegeben (wunderbar problemfrei!). Dann weiter zum n\u00e4chstgelegenen Baumarkt, Plaza. Man hat zum einen gef\u00fchlte 200 Deckel des Aldi-Formats (ist also Standard), bietet aber auch mindestens zwei weitere Formate. Ich lern ja dazu, also einen Herren angesprochen. \u201eDa gibt\u2019s nur ein Format!\u201c. Aha. Danke. Und das \u201eeine Format\u201c passt bei  mir nicht, und jetzt? \u201eDa gibt\u2019s nur ein Format!\u201c. Ja, das sagte er bereits. Ich deute also auf die beiden meiner Meinung nach nicht dem \u201eeinen Format\u201c entsprechenden Deckel und gucke fragend. \u201eNe, der passt auch nur auf das eine Format\u201c. Ich resigniere, warte bis der Typ weg ist und schaue mir die beiden anderen Deckel mal an. Der eine wirkt einigerma\u00dfen vielversprechend, ich kauf ihn also erstmal unter Vorbehalt. Ok, zugegeben, passt auch nicht. ABER: Auf die Standarddeckelvorlagen passt der definitiv auch nicht. Doofer Verk\u00e4ufer jedenfalls.<br \/>\nN\u00e4chster Baumarkt  (OBI). Da sagt der liebe Verk\u00e4ufer mir immerhin gleich dass SIE nur diese Gr\u00f6\u00dfe f\u00fchren (weil Standard), es gibt noch andere, ich soll im Sanit\u00e4rbedarf nachfragen.<br \/>\nIch also zum Sanit\u00e4rbedarf, die liebe Verk\u00e4uferin erkl\u00e4rt mir \u201emessen Sie mal den Abstand zwischen den Befestigungen aus, dann geht das fix\u201c. Ich also nach Hause, Abstand ausgemessen, zu Plaza, Deckel zur\u00fcckgegeben, zur\u00fcck zum Sanit\u00e4rbedarf\u2026<br \/>\nDie machen Samstags erfreulicherweise um 12:00 zu (was ich nicht wusste), also.. Peng.<br \/>\nN\u00e4chster Samstag (unter der Woche nat\u00fcrlich arbeiten, also keine Zeit dazu) mit den Ma\u00dfen dahingefahren. \u201eNee, da kann ich ihnen nicht helfen, wie hei\u00dft denn die Klosch\u00fcssel?\u201c (!!!)\u2026 Ich also heimgefahren, Namen gesucht (der steht da an einer versteckten Stelle tats\u00e4chlich drauf), zur\u00fcckgefahren, Namen genannt.<br \/>\nEndlich konnte die liebe Dame mir auch die Halterungen bestellen.<br \/>\nSuper!<br \/>\nDas ist zwei Wochen her.<br \/>\nVorgestern dann endlich der Anruf \u201eDie Halterungen sind da\u201c.<\/p>\n<p>Jetzt muss ich nur noch die Zeit haben die abzuholen, dann kann ich nach einem dazu passendem Klositz suchen (der, den ich vor Wochen bei Plaza gekauft hatte k\u00f6nnte passen). Und dann habe ich endlich wieder einen heilen WC-Sitz.<\/p>\n<p>Es ginge auch viel einfacher. Aber der Vermieter hat uns nat\u00fcrlich das <a onclick=\"javascript:pageTracker._trackPageview('\/outgoing\/www.keramag.de\/typo3conf\/ext\/zw_kerapi\/pi2\/zoom.php?img=s203040a.jpg&amp;info=UmVub3ZhIE5yLiAxfFdDLCB3YW5kaORuZ2VuZA==');\" TARGET=\"_blank\"  href=\"http:\/\/www.keramag.de\/typo3conf\/ext\/zw_kerapi\/pi2\/zoom.php?img=s203040a.jpg&amp;info=UmVub3ZhIE5yLiAxfFdDLCB3YW5kaORuZ2VuZA==\">Formsch\u00f6ne Designerklo<\/a> geg\u00f6nnt\u2026<\/p>\n\n<!-- google_ad_section_end -->\n","protected":false},"excerpt":{"rendered":"<p>Wie stellt sich Ottonormalverbraucher (ich) eigentlich das Austauschen eines defekten WC-Deckels vor? Naja, da es die Dinger ja inzwischen ab und an auch bei Aldi, Lidl und Co gibt, kann das eigentlich nicht so schwer sein. Denkt man. Also los, &hellip; <a href=\"https:\/\/www.curi0us.net\/blog\/2007\/12\/23\/klodeckelrally\/\">Weiterlesen <span class=\"meta-nav\">&rarr;<\/span><\/a><\/p>\n","protected":false},"author":5,"featured_media":0,"comment_status":"open","ping_status":"open","sticky":false,"template":"","format":"standard","meta":{"_jetpack_memberships_contains_paid_content":false,"footnotes":""},"categories":[5],"tags":[80,125],"class_list":["post-60","post","type-post","status-publish","format-standard","hentry","category-sinnloses","tag-reparatur","tag-wc-deckel"],"jetpack_sharing_enabled":true,"jetpack_featured_media_url":"","_links":{"self":[{"href":"https:\/\/www.curi0us.net\/blog\/wp-json\/wp\/v2\/posts\/60"}],"collection":[{"href":"https:\/\/www.curi0us.net\/blog\/wp-json\/wp\/v2\/posts"}],"about":[{"href":"https:\/\/www.curi0us.net\/blog\/wp-json\/wp\/v2\/types\/post"}],"author":[{"embeddable":true,"href":"https:\/\/www.curi0us.net\/blog\/wp-json\/wp\/v2\/users\/5"}],"replies":[{"embeddable":true,"href":"https:\/\/www.curi0us.net\/blog\/wp-json\/wp\/v2\/comments?post=60"}],"version-history":[{"count":0,"href":"https:\/\/www.curi0us.net\/blog\/wp-json\/wp\/v2\/posts\/60\/revisions"}],"wp:attachment":[{"href":"https:\/\/www.curi0us.net\/blog\/wp-json\/wp\/v2\/media?parent=60"}],"wp:term":[{"taxonomy":"category","embeddable":true,"href":"https:\/\/www.curi0us.net\/blog\/wp-json\/wp\/v2\/categories?post=60"},{"taxonomy":"post_tag","embeddable":true,"href":"https:\/\/www.curi0us.net\/blog\/wp-json\/wp\/v2\/tags?post=60"}],"curies":[{"name":"wp","href":"https:\/\/api.w.org\/{rel}","templated":true}]}}