{"id":26,"date":"2007-09-16T21:05:27","date_gmt":"2007-09-16T19:05:27","guid":{"rendered":"http:\/\/www.curi0us.net\/blog\/2007\/09\/16\/oeffentlich-rechtlicher-rundfunk-ii\/"},"modified":"2008-01-22T11:56:52","modified_gmt":"2008-01-22T10:56:52","slug":"oeffentlich-rechtlicher-rundfunk-ii","status":"publish","type":"post","link":"https:\/\/www.curi0us.net\/blog\/2007\/09\/16\/oeffentlich-rechtlicher-rundfunk-ii\/","title":{"rendered":"\u00d6ffentlich-rechtlicher Rundfunk II"},"content":{"rendered":"\n<!-- google_ad_section_start -->\n<p>Nachdem ich ja auch vorgestern gerade auf <a HREF=\"http:\/\/www.curi0us.net\/blog\/2007\/09\/14\/offentlich-rechtlicher-rundfunk-co\/\">das Thema<\/a> einging, durfte ich heute quasibegeistert feststellen, dass sich sogar die regierende Kaste dank des Urteils wieder darauf st\u00fcrzt. \u00dcberraschenderweise sogar mit, so\u00a0scheint\u00a0es, brauchbaren Ans\u00e4tzen &#8211; die allerdings leider \u00fcberwiegend nichts am meiner Meinung nach relevantestem Grundproblem \u00e4ndern.<\/p>\n<p>Laut <a onclick=\"javascript:pageTracker._trackPageview('\/outgoing\/www.spiegel.de\/kultur\/gesellschaft\/0,1518,506004,00.html');\" TARGET=\"_blank\"  href=\"http:\/\/www.spiegel.de\/kultur\/gesellschaft\/0,1518,506004,00.html\">Spiegel<\/a> gilt\u00a0immerhin\u00a0&#8222;Der baden-w\u00fcrttembergische Ministerpr\u00e4sident G\u00fcnther Oettinger will die Grundversorgung mit Angeboten k\u00fcnftig \u00fcber Gesetze und Staatsvertr\u00e4ge konkreter definieren.&#8220;\u00a0&#8211;\u00a0je\u00a0nach\u00a0dem\u00a0wie\u00a0diese\u00a0Grundversorgung\u00a0dann\u00a0definiert<br \/>\nw\u00fcrde,\u00a0ist\u00a0das\u00a0ja\u00a0schon\u00a0mal\u00a0ein\u00a0Schritt\u00a0in\u00a0die\u00a0f\u00fcr\u00a0mich\u00a0richtige<br \/>\nRichtung\u00a0:-).<\/p>\n<p>Die Diskussion scheint sich jedenfalls in die Richtung zu entwickeln, dass mehrere konkurrierende Modelle existieren die im gro\u00dfen und ganzen darauf hinaus laufen, dass alle das gleiche bezahlen m\u00fcssen.\u00a0Also dann auch v\u00f6llig unabh\u00e4ngig davon ob sie ein Empfangsger\u00e4t besitzen oder nicht. Die st\u00e4rkste Differenzierung der Modelle scheint sich darauf zu beziehen, ob pro Kopf oder pro Haushalt abgerechnet wird. \u00a0Ich selber denke eigentlich, dass pro Kopf die logischere Variante w\u00e4re, allerdings d\u00fcrfte das den aktuellen Tendenzen entgegenwirken, die immer mehr Sonderrechte f\u00fcr Fortpflanzungswillige\u00a0bevorzugen.<\/p>\n<p>Anyway,\u00a0mit\u00a0beidem\u00a0k\u00f6nnte\u00a0ich\u00a0prinzipiell\u00a0gut\u00a0leben.<\/p>\n<p>Laut\u00a0Spiegel\u00a0sagt\u00a0allerdings\u00a0Herr\u00a0Wowereit\u00a0im\u00a0Tagesspiegel\u00a0am\u00a0Sonntag<br \/>\n(finde\u00a0ich\u00a0leider\u00a0nicht\u00a0auf die Schnelle online, daher keine Originalquelle)<br \/>\nsinngem\u00e4\u00df, dass der \u00f6\/r Rundfunk nur mit Minderheiten in eine Randexistenz geriete und deshalb auch weiterhin Sport, Volksmusik etc. ausstrahlen m\u00fcsse und entsprechende Finanzmittel ben\u00f6tigten. Das ist zwar in sofern richtig, dass sie dann sicherlich diese Randexistenz einnehmen w\u00fcrden, aber auch hier l\u00e4sst sich nat\u00fcrlich wieder trefflich streiten wie weit denn dann die Grundversorgung ginge.\u00a0Bundesliga\u00a0Live\u00a0mu\u00df\u00a0sicherlich\u00a0nicht\u00a0sein,\u00a0oder?<\/p>\n<p>Mal\u00a0wieder\u00a0etwas\u00a0typisch\u00a0ist,\u00a0dass\u00a0sich\u00a0sowohl\u00a0der\u00a0Spiegel\u00a0als\u00a0auch\u00a0<a onclick=\"javascript:pageTracker._trackPageview('\/outgoing\/www.heise.de\/newsticker\/meldung\/96062');\" TARGET=\"_blank\"  href=\"http:\/\/www.heise.de\/newsticker\/meldung\/96062\">Heise<\/a><br \/>\nauf\u00a0die\u00a0<a onclick=\"javascript:pageTracker._trackPageview('\/outgoing\/www.bild.t-online.de\/BTO\/news\/2007\/09\/16\/tv-steuer\/art-tabelle,geo=2502314.html');\" TARGET=\"_blank\"  href=\"http:\/\/www.bild.t-online.de\/BTO\/news\/2007\/09\/16\/tv-steuer\/art-tabelle,geo=2502314.html\">Bildzeitung<\/a>\u00a0berufen.<\/p>\n<p>So weit entfernt von klassischem Journalismus ist man als Blogger dann auch nicht mehr, wenn man nur andere Internetquellen nutzt :-).\u00a0\u00a0Jedenfalls w\u00fcrden nach deren\u00a0unglaublich\u00a0differenzierender\u00a0Umfrage\u00a071%\u00a0der\u00a0Menschen\u00a0hier\u00a0es begr\u00fc\u00dfen,\u00a0wenn\u00a0ARD\u00a0und\u00a02DF\u00a0auf\u00a0Werbung\u00a0verzichten\u00a0w\u00fcrden.<\/p>\n<p>Dies\u00a0hei\u00dft\u00a0mitnichten\u00a0das\u00a0was\u00a0Spiegel\u00a0Online\u00a0daraus\u00a0macht:<\/p>\n<p>N\u00e4mlich,\u00a0dass\u00a0sich\u00a0mehr\u00a0als\u00a070%\u00a0f\u00fcr\u00a0eine\u00a0Abschaffung\u00a0aussprechen<br \/>\nw\u00fcrden, zumal\u00a0hier\u00a0absolut\u00a0nicht\u00a0\u00fcber\u00a0die\u00a0Konsequenzen\u00a0gesprochen\u00a0wird<br \/>\n(\u00fcbrigens\u00a0auch\u00a0nicht\u00a0bei\u00a0der\u00a0Bildzeitung).<\/p>\n<p>Eine\u00a0Abschaffung\u00a0der\u00a0Werbung\u00a0in\u00a0ARD\u00a0und\u00a02DF\u00a0jedenfalls\u00a0hie\u00dfe\u00a0im<br \/>\nUmkehrschluss\u00a0ja\u00a0zun\u00e4chst\u00a0einmal,\u00a0dass\u00a0diese\u00a0weniger\u00a0Geld\u00a0h\u00e4tten\u00a0als<br \/>\nvorher. Also\u00a0m\u00fcssten\u00a0bei\u00a0gleichbleibenden\u00a0Kosten\u00a0die\u00a0Geb\u00fchren\u00a0wieder<br \/>\nerh\u00f6ht\u00a0werden, wogegen sich dann wieder die Bildzeitung und ihre Leser wehren w\u00fcrden \ud83d\ude42<\/p>\n<p>Wie\u00a0auch\u00a0immer\u00a0&#8211;\u00a0es\u00a0freut\u00a0mich\u00a0insgesamt,\u00a0dass\u00a0wie\u00a0es\u00a0aussieht<br \/>\nBewegung\u00a0in\u00a0die\u00a0Thematik\u00a0gekommen\u00a0ist.\u00a0Mal\u00a0schauen\u00a0was\u00a0passiert.<\/p>\n\n<!-- google_ad_section_end -->\n","protected":false},"excerpt":{"rendered":"<p>Nachdem ich ja auch vorgestern gerade auf das Thema einging, durfte ich heute quasibegeistert feststellen, dass sich sogar die regierende Kaste dank des Urteils wieder darauf st\u00fcrzt. \u00dcberraschenderweise sogar mit, so\u00a0scheint\u00a0es, brauchbaren Ans\u00e4tzen &#8211; die allerdings leider \u00fcberwiegend nichts am &hellip; <a href=\"https:\/\/www.curi0us.net\/blog\/2007\/09\/16\/oeffentlich-rechtlicher-rundfunk-ii\/\">Weiterlesen <span class=\"meta-nav\">&rarr;<\/span><\/a><\/p>\n","protected":false},"author":5,"featured_media":0,"comment_status":"open","ping_status":"open","sticky":false,"template":"","format":"standard","meta":{"_jetpack_memberships_contains_paid_content":false,"footnotes":""},"categories":[4,7],"tags":[55,54,59,51,53,33],"class_list":["post-26","post","type-post","status-publish","format-standard","hentry","category-kultur","category-politik","tag-gebuehren","tag-gez","tag-grundversorgung","tag-recht","tag-rundfunk","tag-tv"],"jetpack_sharing_enabled":true,"jetpack_featured_media_url":"","_links":{"self":[{"href":"https:\/\/www.curi0us.net\/blog\/wp-json\/wp\/v2\/posts\/26"}],"collection":[{"href":"https:\/\/www.curi0us.net\/blog\/wp-json\/wp\/v2\/posts"}],"about":[{"href":"https:\/\/www.curi0us.net\/blog\/wp-json\/wp\/v2\/types\/post"}],"author":[{"embeddable":true,"href":"https:\/\/www.curi0us.net\/blog\/wp-json\/wp\/v2\/users\/5"}],"replies":[{"embeddable":true,"href":"https:\/\/www.curi0us.net\/blog\/wp-json\/wp\/v2\/comments?post=26"}],"version-history":[{"count":0,"href":"https:\/\/www.curi0us.net\/blog\/wp-json\/wp\/v2\/posts\/26\/revisions"}],"wp:attachment":[{"href":"https:\/\/www.curi0us.net\/blog\/wp-json\/wp\/v2\/media?parent=26"}],"wp:term":[{"taxonomy":"category","embeddable":true,"href":"https:\/\/www.curi0us.net\/blog\/wp-json\/wp\/v2\/categories?post=26"},{"taxonomy":"post_tag","embeddable":true,"href":"https:\/\/www.curi0us.net\/blog\/wp-json\/wp\/v2\/tags?post=26"}],"curies":[{"name":"wp","href":"https:\/\/api.w.org\/{rel}","templated":true}]}}