{"id":204,"date":"2008-07-08T22:01:09","date_gmt":"2008-07-08T20:01:09","guid":{"rendered":"http:\/\/www.curi0us.net\/blog\/2008\/07\/08\/und-was-jetzt\/"},"modified":"2008-07-08T22:01:09","modified_gmt":"2008-07-08T20:01:09","slug":"und-was-jetzt","status":"publish","type":"post","link":"https:\/\/www.curi0us.net\/blog\/2008\/07\/08\/und-was-jetzt\/","title":{"rendered":"Und was jetzt?"},"content":{"rendered":"\n<!-- google_ad_section_start -->\n<p>Wenn ich mich in den letzten Wochen oder Monaten in meinem erweiterten Bekanntenkreis umschaue, bekomme ich ungef\u00e4hr folgenden Eindruck von mehr oder weniger relevanten Themen des Alltags: <\/p>\n<ul>\n<li>Benzin ist zu teuer und wird immer teurer <\/li>\n<li>Meine Geldanlagen sind in den letzten Monaten entwertet worden <\/li>\n<li>Den Regierenden ist egal wie es dem Volk geht, die wollen nur ihren eigenen Vorteil <\/li>\n<li>Wir brauchen dringend sch\u00e4rfere Gesetze, wer hier alles mit Bew\u00e4hrungsstrafen davon kommt\u2026 <\/li>\n<li>Der Umweltschutz mu\u00df viel mehr beachtet werden <\/li>\n<li>Firmen die aus Deutschland abwandern vernichten hier wichtige Arbeitspl\u00e4tze <\/li>\n<li>Milch ist viel zu billig, die armen Bauern <\/li>\n<li>Die Regierung(en) sind unf\u00e4hig <\/li>\n<li>Der Kaffee aus Fairem Handel in S\u00fcdamerika ist der beste <\/li>\n<li>Wir verschwenden Energie, wir m\u00fcssen dringend was tun um unseren Energieverbrauch zu senken <\/li>\n<li>Die Lebensmittelkosten treiben uns noch alle in den Ruin <\/li>\n<li>Die Gro\u00dfkonzerne sind b\u00f6se und wollen nur unser Geld <\/li>\n<li>In der dritten Welt verhungern viele, weil sie weder Arbeit noch Lebensmittel zum \u00fcberleben haben <\/li>\n<li>Im idealfall ern\u00e4hrt man sich von Lebensmitteln die von lokalen Landwirten kommen <\/li>\n<li>Die Vorst\u00e4nde stecken sich doch eh alles in die eigene Tasche <\/li>\n<li>Ohne Auto kann ich mich gleich umbringen, wie soll ich dann irgendwohin kommen <\/li>\n<li>Die Gesetze sind viel zu \u00fcberzogen, man kann sich ja nichtmehr frei bewegen ohne auf Schritt und Tritt verd\u00e4chtigt zu werden <\/li>\n<\/ul>\n<p>Die Liste k\u00f6nnte ich noch eine Weile so weiter f\u00fchren. Viele der Aussagen darin k\u00f6nnen wechselseitig von ein und der selben Person in unterschiedlichen Unterhaltungen gekommen sein. <\/p>\n<p>Aber das Dilemma k\u00f6nnte sich da oben schon abzeichnen. Was oder wohin wollen wir eigentlich? Individualisierung um jeden Preis. Pers\u00f6nlicher Wohlstand und Wahlfreiheit, Entscheidungsfreiheit, berufliche Perspektiven, Bildung, Arbeit und Flexibilit\u00e4t f\u00fcr jeden. Umweltschutz, Gleicherechtigung. Spass am Leben, Freizeit, Urlaub in fremden L\u00e4ndern, Kulturelle autonomie. Schutz vor Kriminalit\u00e4t, freiheit des Einzelnen. Deutliche Verbesserung der Ausgangsbedingungen der Menschen in den Drittwelt- und Schwellenl\u00e4ndern. <\/p>\n<p>Das Problem damit ist nur, dass wir (alle) offenbar Ziele und W\u00fcnsche haben, die sich widersprechen. Wer sich f\u00fcr mehr Umweltschutz ausspricht muss Konsequenterweise klar gegen den Individualverkehr wie er heute praktiziert wird sein. Wer gegen die Dominanz von Gro\u00dfkonzernen ist, und daf\u00fcr, dass denen \u201cmehr auf die Finger geschaut wird\u201d, mu\u00df konsequenterweise f\u00fcr einen st\u00e4rker reglementierenden Staat sein. Wer mehr Individualismus m\u00f6chte, kann eigentlich nicht f\u00fcr mehr Demokratie sein. Wer f\u00fcr bessere Bedingungen in anderen L\u00e4ndern ist, darf sich nicht dar\u00fcber beschweren, wenn gleichzeitig die Bedingungen hier schlechter werden. Einfache Mengenlehre: Wenn es Menge N zu verteilen gibt, und in einer Ecke der Welt zuwachs ben\u00f6tigt wird, dann mu\u00df irgendwo anders N weniger werden. <\/p>\n<p>Mein beschr\u00e4nkter Horizont bietet mir folgende Kontrast-Szenarien an: Entweder wir entscheiden uns f\u00fcr ein weitgehend individualisiertes System, mit den bekannten Schw\u00e4chen. Ausrei\u00dfer, die \u00fcber die weichen Grenzen hinaus schie\u00dfen, m\u00f6gliche Dominanz von einzelnen (bzw. einzelnen Organisationen), Verteilungswettkampf, Entwicklung. Oder wir legen uns fest. Definieren, was f\u00fcr jeden das Beste ist und versuchen eine Gesellschaft zu schaffen, in der jeder das f\u00fcr ihn \u201cBeste\u201d bekommt. <\/p>\n<p>Klar gibt es Mittelwege, aber im Gro\u00dfen und Ganzen l\u00e4uft es doch auf diese beiden Varianten hinaus. Und die Mittelwege bringen die dauernde Balance zwischen beiden Extremen mit sich. <\/p>\n<p>Nur wo ist dieser Mittelweg? Was wollt \u201cihr\u201d? klar wei\u00df jeder (mich eingeschlossen) hunderte Dinge, die ihm nicht passen. Aber was passt uns? Und was mu\u00df wie laufen, damit es uns nicht mehr nicht passt? Was sind (eure) wesentlichen Ziele, von denen ihr denkt, dass wir alle, die Welt, die Gesellschaft, sie erreichen mu\u00df? Was sind die Opfer, die ihr daf\u00fcr bereit seid zu bringen? Lippenbekenntnisse sind immer einfach. Die 20 Cent f\u00fcr Biomilch tun mir nicht weh, aber wo ist die Grenze? <\/p>\n<p>Schreibt was! In euren Blogs oder hier in den Kommentaren. W\u00fcrde mich wirklich \u00fcber Feedback oder den einen oder anderen Beitrag freuen! Ich werde mich dann auch mit \u201cmeiner\u201d Perspektive revanchieren. Curis Weltmodell. <\/p>\n\n<!-- google_ad_section_end -->\n","protected":false},"excerpt":{"rendered":"<p>Wenn ich mich in den letzten Wochen oder Monaten in meinem erweiterten Bekanntenkreis umschaue, bekomme ich ungef\u00e4hr folgenden Eindruck von mehr oder weniger relevanten Themen des Alltags: Benzin ist zu teuer und wird immer teurer Meine Geldanlagen sind in den &hellip; <a href=\"https:\/\/www.curi0us.net\/blog\/2008\/07\/08\/und-was-jetzt\/\">Weiterlesen <span class=\"meta-nav\">&rarr;<\/span><\/a><\/p>\n","protected":false},"author":5,"featured_media":0,"comment_status":"open","ping_status":"open","sticky":false,"template":"","format":"standard","meta":{"_jetpack_memberships_contains_paid_content":false,"footnotes":""},"categories":[6,7],"tags":[298,640,179,167,22],"class_list":["post-204","post","type-post","status-publish","format-standard","hentry","category-philosophisches","category-politik","tag-perspektive","tag-politik","tag-umwelt","tag-wirtschaft","tag-zukunft"],"jetpack_sharing_enabled":true,"jetpack_featured_media_url":"","_links":{"self":[{"href":"https:\/\/www.curi0us.net\/blog\/wp-json\/wp\/v2\/posts\/204"}],"collection":[{"href":"https:\/\/www.curi0us.net\/blog\/wp-json\/wp\/v2\/posts"}],"about":[{"href":"https:\/\/www.curi0us.net\/blog\/wp-json\/wp\/v2\/types\/post"}],"author":[{"embeddable":true,"href":"https:\/\/www.curi0us.net\/blog\/wp-json\/wp\/v2\/users\/5"}],"replies":[{"embeddable":true,"href":"https:\/\/www.curi0us.net\/blog\/wp-json\/wp\/v2\/comments?post=204"}],"version-history":[{"count":0,"href":"https:\/\/www.curi0us.net\/blog\/wp-json\/wp\/v2\/posts\/204\/revisions"}],"wp:attachment":[{"href":"https:\/\/www.curi0us.net\/blog\/wp-json\/wp\/v2\/media?parent=204"}],"wp:term":[{"taxonomy":"category","embeddable":true,"href":"https:\/\/www.curi0us.net\/blog\/wp-json\/wp\/v2\/categories?post=204"},{"taxonomy":"post_tag","embeddable":true,"href":"https:\/\/www.curi0us.net\/blog\/wp-json\/wp\/v2\/tags?post=204"}],"curies":[{"name":"wp","href":"https:\/\/api.w.org\/{rel}","templated":true}]}}