{"id":1313,"date":"2012-04-09T13:18:03","date_gmt":"2012-04-09T11:18:03","guid":{"rendered":"http:\/\/www.curi0us.net\/blog\/?p=1313"},"modified":"2012-04-09T13:32:40","modified_gmt":"2012-04-09T11:32:40","slug":"lose-gedanken","status":"publish","type":"post","link":"https:\/\/www.curi0us.net\/blog\/2012\/04\/09\/lose-gedanken\/","title":{"rendered":"lose Gedanken"},"content":{"rendered":"\n<!-- google_ad_section_start -->\n<p>(Fussball)<\/p>\n<p>. 3:3 bei den \u201ckleinen\u201c Frankfurtern nach katastrophalen 20 Minuten. Unklar, warum der Trainer Bene spielen l\u00e4sst, wenn Tschauner fit ist. Unklar, warum wir hinten schwimmen wie im Sommerurlaub, nur an dem Fehlen von Zambrano kann es ja kaum liegen. Noch unklarer, warum wir derma\u00dfen viele Gro\u00dfchancen nicht ins Tor kriegen. Das h\u00e4tte man auch 5:3 gewinnen k\u00f6nnen.<\/p>\n<p>. Wechselforderungen zur 60. Minute, um in \u00dcberzahl das Spiel noch final zu drehen. Hm. Wen soll Schubert denn bringen? Sliskovic und Saglik, die diese Saison beide noch nicht gezeigt haben, dass es sinnvolle Verst\u00e4rkungen waren*? W\u00e4hrend es auf dem Platz an sich ganz brauchbar (Chancenverwertung mal ausgeblendet) l\u00e4uft?<\/p>\n<p>*) Die unbefriedigende Situation was das Toreschie\u00dfen angeht liegt unter Anderem ja daran, dass wir derzeit einfach keinen erfolgreichen und zum Spielsystem passenden St\u00fcrmer auf dem Platz haben. M\u00f6glicherweise hat man Ebbers zu Saisonbeginn \u00fcbersch\u00e4tzt. Wahrscheinlich hat sich Schubert von Saglik (und sicher auch Slisko oder Schindler) mehr erwartet. Dass die Personalsituation im Angriff so ist, wie sie ist, kann man dem Trainer und der sportlichen Leitung sicher vorwerfen, immerhin haben die so eingekauft, aber dass er jetzt nur im Rahmen des Kaders reagieren kann ist dann ja \u201cnur\u201d ein Folgefehler\u2026<\/p>\n<p>. \u00dcberhaupt: Wenn ist immer Schubert schuld. Wozu haben wir eigentlich einen Sportdirektor? Kauft Schulte blind das, was Schubert ihm vorschl\u00e4gt? Bringt er sich selbst ein? Wenn ja, in welcher Form? Und Scouting. Brachte mich neulich ein anderer FCSP Blogger drauf, was ist eigentlich mit unserem Scouting? Ignoriert Schubert die tollen Vorschl\u00e4ge, oder kommen da einfach keine? (ich tendiere ja eher zu Option 2) Und wenn das so ist, ist Schubert was die Personalplanung angeht nicht die arme Sau, die jetzt halt ohne offiziell f\u00fcr diesen Teil zust\u00e4ndig zu sein Spieler holen muss? Wen wundert es dann, wenn er ein Ger\u00fcst aus Spielern holt, die er kennt und einsch\u00e4tzen kann? Btw. war das mit Schachten ja kein wirklicher Fehlgriff, obwohl vorher die meisten panisch waren, ob seiner \u201cVorschusslorbeeren\u201d aus Gladbach.<\/p>\n<p>. Und warum unsere Jungs trotz leerem Kasten das Tor nicht treffen.. Hum. Psyche? Kann der\/ein Trainer daran was \u00e4ndern? Ich wei\u00df es nicht. Aber wenn Ebbe frei vorm Tor den Ball nicht trifft oder Naki sich in Bodenn\u00e4he f\u00fcr den K\u00f6pfer entscheidet (und ja, er ist klein, aber nicht SO klein..)\u2026 liegt das noch am Trainer?<\/p>\n<p>. Kaderplanung n\u00e4chste Saison steht an. Mal gucken, wer da noch so geholt wird. Im M\u00e4rz\/April rumzuhupen, dass der Trainer f\u00fcr die kommende Saison ja ausschlie\u00dflich defensive holen w\u00fcrde ist allerdings irgendwie etwas der falsche Zeitpunkt. Letzte Saison stand zum jetzigen Zeitpunkt glaube ich noch genau gar keine Verpflichtung fest, da sollte man schon abwarten, wer noch dazu kommt. Dass man \u2013 wenn gute Verteidiger im Markt sind \u2013 da zugreift finde ich hier eher clever. Zumal Gonther und Mohr mal eben die Nummern 5 und 7 der Kickernoten-Liste sind (jaja, ich wei\u00df, Kickernoten, aber ein bisschen Aussagekraft hat die halt schon) und damit deutlich vor allem, was wir so im Kader haben. Zumal Sobiech und Zambrano m\u00f6glicherweise 2012\/13 nicht mehr im Kader stehen.<\/p>\n<p>. Defensiv denkender Trainer. Jetzt werfen ihm in diesem Internet ja viele vor, er w\u00fcrde total defensiv spielen lassen. Schaut man sich mal die Defizite der beiden letzten Stanislawski-Saisons an, ist es \u00fcbrigens genau das Defensifverhalten, das teils fehlte, teils katastrophal war. Und das lag definitiv nicht nur an der oh so offensiven Spielweise. Vorstellbar, dass eines der Ziele f\u00fcr diese Saison war, die Defensive zu stabilisieren,was \u2013 blendet man mal die Minuten 1-20 gegen den FSV am Samstag aus \u2013 ja im Moment auch gut gelungen ist. W\u00e4re Schubert \u00fcbrigens so defensiv, wie ihn alle im Moment sehen, warum haben wir dann im Sommer mit Saglik, Slisko und Schindler drei nominelle (halb-) St\u00fcrmer geholt? Damit komme ich zur\u00fcck zum Thema Kaderplanung und den nicht so ganz verst\u00e4rkenden Verst\u00e4rkungen. Von den dreien sehe ich im Moment einzig Schindler mit Potential. Der spielt allerdings selten und wenn dann auch gl\u00fccklos. \u00dcbrigens stand gegen Cottbus zum Ende hin ein 4-3-3 auf dem Feld \u2013 gar nicht so defensiv.<\/p>\n<p>. R\u00f6sler, Naki, Flugeinlagen. Naki f\u00e4llt, nachdem ein Kontakt am Fu\u00df stattfindet. Aus den TV Bildern geht IMHO relativ klar hervor, dass der Verteidiger sich da nicht regelgerecht verh\u00e4lt = Elfer. Notbremse, Rot. Ende der Diskussion. Was einen an R\u00f6sler st\u00f6ren kann ist doch nicht, dass, sondern WIE er gerade in der Hinrunde h\u00e4ufiger gefallen ist. Erinnert sich noch jemand an unser Hinspiel gegen D\u00fcsseldorf? Da haben uns die DDorfer doch genau mit dieser \u201cim Niedersinken zum Schiri gucken und Gelb fordern\u201d-Strategie in den Wahn getrieben. Und R\u00f6sler kann das nun mal ziemlich gut. Daf\u00fcr wird er dann nicht gemocht, solang er woanders spielt. Ziemlich naheliegend eigentlich. Und \u201cauf den Medienhetze Zug aufspringen\u201d\u2026 Sorry, da hat Veh doch genau das richtige gemacht. Ich wei\u00df nicht, wie viel Anteil die pl\u00f6tzliche \u201c\u00f6ffentliche\u201d Sensibilit\u00e4t f\u00fcr das Thema \u201cD\u00fcsseldorfer fallen wie die Fliegen\u201d an deren Verunsicherung hat, aber selbst wenn es nur 10% sind, kann Veh sich da doch gem\u00fctlich \u00fcber den Bauch streicheln.<\/p>\n<p>Mein pers\u00f6nliches Problem ist dann \u00fcbrigens im Prinzip auch nicht R\u00f6sler oder die (vermeintliche\u2026) D\u00fcsseldorfer Spielweise, sondern die unf\u00e4higen Schiris, die eben richtige nicht von falschen Entscheidungen trennen k\u00f6nnen. Oder eben mal konsequent Spielern, die Karten fordern selbst eine zu zeigen. Oder eben konsequent f\u00fcr Flugeinlagen Gelb geben. Das w\u00e4re n\u00e4mlich eigentlich ihr Job. Und wenn die Herren in Schwarz-Gelb-Blau-T\u00fcrkis-Wasauchimmer den professionell machen w\u00fcrden, dann h\u00e4tten wir insgesamt weniger von diesen erm\u00fcdend-sinnlosen Diskussionen.<\/p>\n<p>. Umbruchsaison. Man sollte bitte nochmal \u00fcberlegen, wie die Situation letzten Sommer war: Ein ausschlie\u00dflich von Stanislawski zusammengestellter Kader, in dem es laut Presse gar nicht so sensationell gut stimmte. Ein Kader der zum Teil aus der dritten Liga in die erste aufgestiegen ist. Mit Spielern, die seit 5-6 Jahren dazu geh\u00f6ren. Und dann geht der Trainer und ein neuer kommt. Ein neuer Trainer, der ja auch ver\u00e4ndern soll, seinen eigenen Stil einbringen. Leute, sowas dauert. Wir wollten glaube ich alle keinen Stani2. Und nicht nur ich war ganz froh, dass der Trainer ging und ein neuer kam. Und der hat einen teils etwas \u00e4ltlichen Kader (Morena, Ebbers, Boll, Rothenbach, Bruns) die leider so langsam dem Ende zusteuern. Teils mit ewigen \u201cTalenten\u201d aufgef\u00fcllten Kader (Kalla, Daube, Takyi), die \u00fcbrigens schon unter Stanislawski in der Regel nichts aus ihren m\u00f6glichen M\u00f6glichkeiten machten (Der von vielen so oft gelobte Takyi hat ja sogar in der Aufstiegssaison derma\u00dfen viele Gruselspiele abgeliefert, dass ich im April beim Union-Ausw\u00e4rts-Match \u2013 also kurz vor Saisonende \u2013 das gef\u00fchlt erste wirklich gute Spiel von ihm sah). Was soll der Trainer denn machen? Alle rauswerfen geht kaum, also so gut es eben geht damit arbeiten. Und dass wir personell im Moment eher gute Defensiv- als Offensivspieler haben liegt dann pl\u00f6tzlich auch weniger an Schubert als an Schulte und Stanislawski, bzw. dem \u201cnat\u00fcrlichen Umbruch\u201d dank Alterns.<\/p>\n<p>Wenn wir n\u00e4chste Saison keine (brauchbaren!) neuen Offensivspieler dazubekommen, fange ich allerdings auch an zu meckern. Aber lasst Schubert doch um himmelswillen mal etwas Zeit \u201csein\u201d Team zu formen.<\/p>\n<p>. \u00dcberhaupt kennen wir hier glaube ich alle einfach die Situation \u201cneuer Trainer kommt von au\u00dfen\u201d gar nicht mehr. Wer war der letzte? Krautzun 1997, wenn ich mich nicht verguckt habe. Das ist 15 Jahre her. ALLE nachfolgenden Trainer waren vorher als Cotrainer, Sportdirektor, Amateurcoach o.\u00e4. bereits beim Verein. Sowas kostet einfach Zeit. Zumal \u201897 auch noch eine komplett andere Zeit war, so fu\u00dfballtechnisch.<\/p>\n<p>. Offensivzug\u00e4nge. Und irgendwie ist auch kaum jemand auf dem Markt, oder? Und wenn man sich umschaut, wer so vorn steht in der Torj\u00e4gerliste kommen wir dann wieder auf Gl\u00fcck und Scouting. Occean von F\u00fcrth kam von Kickers Offenbach mit 15 Toren in 30 Spielen Drittligafussball. Gut gescoutet oder Gl\u00fcck?<\/p>\n<p>. fin<\/p>\n\n<!-- google_ad_section_end -->\n","protected":false},"excerpt":{"rendered":"<p>(Fussball) . 3:3 bei den \u201ckleinen\u201c Frankfurtern nach katastrophalen 20 Minuten. Unklar, warum der Trainer Bene spielen l\u00e4sst, wenn Tschauner fit ist. Unklar, warum wir hinten schwimmen wie im Sommerurlaub, nur an dem Fehlen von Zambrano kann es ja kaum &hellip; <a href=\"https:\/\/www.curi0us.net\/blog\/2012\/04\/09\/lose-gedanken\/\">Weiterlesen <span class=\"meta-nav\">&rarr;<\/span><\/a><\/p>\n","protected":false},"author":5,"featured_media":0,"comment_status":"open","ping_status":"open","sticky":false,"template":"","format":"standard","meta":{"_jetpack_memberships_contains_paid_content":false,"footnotes":""},"categories":[11],"tags":[392],"class_list":["post-1313","post","type-post","status-publish","format-standard","hentry","category-fussball","tag-fc-st-pauli"],"jetpack_sharing_enabled":true,"jetpack_featured_media_url":"","_links":{"self":[{"href":"https:\/\/www.curi0us.net\/blog\/wp-json\/wp\/v2\/posts\/1313"}],"collection":[{"href":"https:\/\/www.curi0us.net\/blog\/wp-json\/wp\/v2\/posts"}],"about":[{"href":"https:\/\/www.curi0us.net\/blog\/wp-json\/wp\/v2\/types\/post"}],"author":[{"embeddable":true,"href":"https:\/\/www.curi0us.net\/blog\/wp-json\/wp\/v2\/users\/5"}],"replies":[{"embeddable":true,"href":"https:\/\/www.curi0us.net\/blog\/wp-json\/wp\/v2\/comments?post=1313"}],"version-history":[{"count":4,"href":"https:\/\/www.curi0us.net\/blog\/wp-json\/wp\/v2\/posts\/1313\/revisions"}],"predecessor-version":[{"id":1318,"href":"https:\/\/www.curi0us.net\/blog\/wp-json\/wp\/v2\/posts\/1313\/revisions\/1318"}],"wp:attachment":[{"href":"https:\/\/www.curi0us.net\/blog\/wp-json\/wp\/v2\/media?parent=1313"}],"wp:term":[{"taxonomy":"category","embeddable":true,"href":"https:\/\/www.curi0us.net\/blog\/wp-json\/wp\/v2\/categories?post=1313"},{"taxonomy":"post_tag","embeddable":true,"href":"https:\/\/www.curi0us.net\/blog\/wp-json\/wp\/v2\/tags?post=1313"}],"curies":[{"name":"wp","href":"https:\/\/api.w.org\/{rel}","templated":true}]}}